{"id":85,"date":"2024-10-20T10:32:10","date_gmt":"2024-10-20T08:32:10","guid":{"rendered":"http:\/\/www.lappliculteur.ch\/?p=85"},"modified":"2024-10-20T10:32:10","modified_gmt":"2024-10-20T08:32:10","slug":"promotion-du-commerce-de-proximite","status":"publish","type":"post","link":"https:\/\/www.lappliculteur.ch\/index.php\/2024\/10\/20\/promotion-du-commerce-de-proximite\/","title":{"rendered":"Promotion du Commerce de Proximit\u00e9"},"content":{"rendered":"\n<p class=\"has-medium-font-size\"><em>&#8220;Mettre la technologie mobile au service de la proximit\u00e9 et de la convivialit\u00e9&#8221;<\/em><\/p>\n\n\n\n<p class=\"has-medium-font-size\">La vitalit\u00e9 du commerce de proximit\u00e9 est un \u00e9l\u00e9ment essentiel d&#8217;un tissu social urbain \u00e9quilibr\u00e9 et convivial.<\/p>\n\n\n\n<p class=\"has-medium-font-size\">En concordance avec les valeurs de proximit\u00e9 que nous souhaitons d\u00e9fendre, l&#8217;application mobile ne sera pas le support de promotions de la grande distribution.<\/p>\n\n\n\n<p class=\"has-medium-font-size\">Par principe, notre accent portera exclusivement sur la mise en valeur des commer\u00e7ants et artisans locaux et ind\u00e9pendants.<\/p>\n\n\n\n<p class=\"has-medium-font-size\"><strong>I. Le patrimoine et sa valorisation comme facteur de vitalit\u00e9 pour les centres-villes<\/strong><\/p>\n\n\n\n<p class=\"has-medium-font-size\">La fonction de valorisation du patrimoine que porte l&#8217;application mobile est d\u00e9j\u00e0 en soi un facteur de soutien \u00e0 l&#8217;activit\u00e9 du centre-ville.<\/p>\n\n\n\n<p class=\"has-medium-font-size\">Densifier l&#8217;exp\u00e9rience de la ville par des \u00e9l\u00e9ments du patrimoine historique et culturel favorise la fr\u00e9quentation et les activit\u00e9s inscrites dans le tissu urbain au d\u00e9triment des lieux de la grande distribution souvent situ\u00e9e en p\u00e9riph\u00e9rie.<\/p>\n\n\n\n<p class=\"has-medium-font-size\"><strong>II. La technologie mobile comme outil de promotion.<\/strong><\/p>\n\n\n\n<p class=\"has-medium-font-size\">Cela \u00e9tant, c&#8217;est \u00e9videmment les fonctionnalit\u00e9s de l&#8217;application mobile qui peuvent devenir un atout concret, efficace et imm\u00e9diat pour la communication et&nbsp; la promotion des commer\u00e7ants de la place.<\/p>\n\n\n\n<p class=\"has-medium-font-size\">Les possibilit\u00e9s qu&#8217;offrent l&#8217;outil technologique sont tr\u00e8s vari\u00e9es et nous nous r\u00e9jouissons que les acteurs du commerce local se l&#8217;approprient !!<\/p>\n\n\n\n<p class=\"has-medium-font-size\">En assurant le lien avec les usagers, nous sommes convaincus que<strong> l&#8217;Appliculteur<\/strong> est appel\u00e9 \u00e0 devenir un moyen puissant pour promouvoir et visibiliser les produits de qualit\u00e9s et les initiatives originales.<\/p>\n","protected":false},"excerpt":{"rendered":"<p>&#8220;Mettre la technologie mobile au service de la proximit\u00e9 et de la convivialit\u00e9&#8221; La vitalit\u00e9 du commerce de proximit\u00e9 est un \u00e9l\u00e9ment essentiel d&#8217;un tissu social urbain \u00e9quilibr\u00e9 et convivial. En concordance avec les valeurs de proximit\u00e9 que nous souhaitons d\u00e9fendre, l&#8217;application mobile ne sera&nbsp;<a class=\"read-more\" href=\"https:\/\/www.lappliculteur.ch\/index.php\/2024\/10\/20\/promotion-du-commerce-de-proximite\/\">&hellip;<\/a><\/p>\n","protected":false},"author":1,"featured_media":86,"comment_status":"closed","ping_status":"closed","sticky":false,"template":"","format":"standard","meta":{"footnotes":""},"categories":[5],"tags":[],"class_list":["post-85","post","type-post","status-publish","format-standard","has-post-thumbnail","hentry","category-spot"],"_links":{"self":[{"href":"https:\/\/www.lappliculteur.ch\/index.php\/wp-json\/wp\/v2\/posts\/85","targetHints":{"allow":["GET"]}}],"collection":[{"href":"https:\/\/www.lappliculteur.ch\/index.php\/wp-json\/wp\/v2\/posts"}],"about":[{"href":"https:\/\/www.lappliculteur.ch\/index.php\/wp-json\/wp\/v2\/types\/post"}],"author":[{"embeddable":true,"href":"https:\/\/www.lappliculteur.ch\/index.php\/wp-json\/wp\/v2\/users\/1"}],"replies":[{"embeddable":true,"href":"https:\/\/www.lappliculteur.ch\/index.php\/wp-json\/wp\/v2\/comments?post=85"}],"version-history":[{"count":1,"href":"https:\/\/www.lappliculteur.ch\/index.php\/wp-json\/wp\/v2\/posts\/85\/revisions"}],"predecessor-version":[{"id":87,"href":"https:\/\/www.lappliculteur.ch\/index.php\/wp-json\/wp\/v2\/posts\/85\/revisions\/87"}],"wp:featuredmedia":[{"embeddable":true,"href":"https:\/\/www.lappliculteur.ch\/index.php\/wp-json\/wp\/v2\/media\/86"}],"wp:attachment":[{"href":"https:\/\/www.lappliculteur.ch\/index.php\/wp-json\/wp\/v2\/media?parent=85"}],"wp:term":[{"taxonomy":"category","embeddable":true,"href":"https:\/\/www.lappliculteur.ch\/index.php\/wp-json\/wp\/v2\/categories?post=85"},{"taxonomy":"post_tag","embeddable":true,"href":"https:\/\/www.lappliculteur.ch\/index.php\/wp-json\/wp\/v2\/tags?post=85"}],"curies":[{"name":"wp","href":"https:\/\/api.w.org\/{rel}","templated":true}]}}